{"id":1776,"date":"2021-12-03T20:38:29","date_gmt":"2021-12-03T20:38:29","guid":{"rendered":"https:\/\/fermesleystone.com\/raconter-lhistoire-de-la-creation-de-la-ferme\/"},"modified":"2024-07-17T11:43:35","modified_gmt":"2024-07-17T11:43:35","slug":"raconter-lhistoire-de-la-creation-de-la-ferme","status":"publish","type":"post","link":"https:\/\/fermesleystone.com\/fr\/raconter-lhistoire-de-la-creation-de-la-ferme\/","title":{"rendered":"Raconter l&rsquo;histoire de la cr\u00e9ation de la ferme"},"content":{"rendered":"<p>[et_pb_section fb_built=\u00a0\u00bb1&Prime; specialty=\u00a0\u00bbon\u00a0\u00bb padding_top_bottom_link_1=\u00a0\u00bbfalse\u00a0\u00bb padding_left_right_link_1=\u00a0\u00bbfalse\u00a0\u00bb padding_top_1=\u00a0\u00bb80px\u00a0\u00bb _builder_version=\u00a0\u00bb3.27.3&Prime; custom_padding=\u00a0\u00bb3px||0px|||\u00a0\u00bb][et_pb_column type=\u00a0\u00bb2_3&Prime; specialty_columns=\u00a0\u00bb2&Prime; _builder_version=\u00a0\u00bb3.25&Prime; custom_padding=\u00a0\u00bb|||\u00a0\u00bb custom_padding__hover=\u00a0\u00bb|||\u00a0\u00bb][et_pb_row_inner _builder_version=\u00a0\u00bb3.27.3&Prime;][et_pb_column_inner saved_specialty_column_type=\u00a0\u00bb2_3&Prime; _builder_version=\u00a0\u00bb3.27.3&Prime;][et_pb_post_title meta=\u00a0\u00bboff\u00a0\u00bb featured_image=\u00a0\u00bboff\u00a0\u00bb _builder_version=\u00a0\u00bb4.6.6&Prime; title_font=\u00a0\u00bbMontserrat|700|||||||\u00a0\u00bb title_text_color=\u00a0\u00bb#000000&Prime; title_font_size=\u00a0\u00bb64px\u00a0\u00bb title_line_height=\u00a0\u00bb1.2em\u00a0\u00bb title_font_size_tablet=\u00a0\u00bb50px\u00a0\u00bb title_font_size_phone=\u00a0\u00bb24px\u00a0\u00bb title_font_size_last_edited=\u00a0\u00bbon|desktop\u00a0\u00bb locked=\u00a0\u00bboff\u00a0\u00bb][\/et_pb_post_title][\/et_pb_column_inner][\/et_pb_row_inner][et_pb_row_inner _builder_version=\u00a0\u00bb3.27.3&Prime;][et_pb_column_inner saved_specialty_column_type=\u00a0\u00bb2_3&Prime; _builder_version=\u00a0\u00bb3.27.3&Prime;][et_pb_text _builder_version=\u00a0\u00bb4.6.6&Prime; text_line_height=\u00a0\u00bb1.8em\u00a0\u00bb max_width=\u00a0\u00bb600px\u00a0\u00bb module_alignment=\u00a0\u00bbcenter\u00a0\u00bb locked=\u00a0\u00bboff\u00a0\u00bb]<\/p>\n<header><\/header>\n<div class=\"blog__article__content rte\">\n<p>D\u00e9but d\u00e9cembre, j&rsquo;ai eu l&rsquo;occasion de m&rsquo;entretenir avec Katelyn Duban, animatrice du <a href=\"https:\/\/wildrosefarmer.com\/the-rural-woman-podcast\/\" target=\"_blank\" rel=\"noopener noreferrer\">podcast The Rural Woman<\/a>.<\/p>\n<p>Le Rural Woman Podcast est devenu une ressource pr\u00e9cieuse alors que nous continuons \u00e0 construire Leystone Farms. La communaut\u00e9 des femmes, leurs exp\u00e9riences, leurs points de vue et leurs solutions sont inestimables.<\/p>\n<p>J&rsquo;ai eu l&rsquo;honneur de participer \u00e0 la conversation et de partager ce que j&rsquo;ai appris au cours de mes premiers pas dans l&rsquo;agriculture.<\/p>\n<p>Nous avons parl\u00e9 du fait de devenir une famille d&rsquo;agriculteurs, d&rsquo;\u00e9lever du b\u00e9tail et de la joie que la proximit\u00e9 avec la terre nous a apport\u00e9e.  <a title=\"The Rural Woman Podcast - Episode 120\" href=\"https:\/\/wildrosefarmer.com\/2021\/12\/03\/120\/%C2%A0?lang=en&amp;currency=USD\" target=\"_blank\" rel=\"noopener noreferrer\">\u00c9coutez !  <\/a><\/p>\n<\/div>\n<p>[\/et_pb_text][\/et_pb_column_inner][\/et_pb_row_inner][\/et_pb_column][et_pb_column type=\u00a0\u00bb1_3&Prime; _builder_version=\u00a0\u00bb3.25&Prime; custom_padding=\u00a0\u00bb|||\u00a0\u00bb custom_padding__hover=\u00a0\u00bb|||\u00a0\u00bb][et_pb_image src=\u00a0\u00bbhttps:\/\/fermesleystone.com\/wp-content\/uploads\/2023\/09\/Rural-Women-Podacst-Sideline.png\u00a0\u00bb alt=\u00a0\u00bbKarri Munn-Venn, Katelyn Duban, The Rural Woman Podcast, Rural Woman Podcast, Fermes Leystone, Leystone Farms, Pontiac Qu\u00e9bec, Luskville\u00a0\u00bb title_text=\u00a0\u00bbPodcast pour les femmes rurales &#8211; Sideline\u00a0\u00bb _builder_version=\u00a0\u00bb4.6.6&Prime; custom_margin=\u00a0\u00bb|-9vw|||false|false\u00a0\u00bb][\/et_pb_image][\/et_pb_column][\/et_pb_section][et_pb_section fb_built=\u00a0\u00bb1&Prime; _builder_version=\u00a0\u00bb3.27.3&Prime;][et_pb_row _builder_version=\u00a0\u00bb3.27.3&Prime;][et_pb_column type=\u00a0\u00bb4_4&Prime; _builder_version=\u00a0\u00bb3.27.3&Prime;][et_pb_image src=\u00a0\u00bbhttps:\/\/fermesleystone.com\/wp-content\/uploads\/2023\/09\/rural-woman-banner.png\u00a0\u00bb alt=\u00a0\u00bbpodcast femme rurale, Karri Munn-Venn, Katelyn Duban, Fermes Leystone, Leystone Farms, Pontiac Qu\u00e9bec, Luskville\u00a0\u00bb title_text=\u00a0\u00bbfemme rurale &#8211; banni\u00e8re\u00a0\u00bb _builder_version=\u00a0\u00bb4.6.6&Prime; _module_preset=\u00a0\u00bbdefault\u00a0\u00bb][\/et_pb_image][\/et_pb_column][\/et_pb_row][\/et_pb_section][et_pb_section fb_built=\u00a0\u00bb1&Prime; admin_label=\u00a0\u00bbRelated Articles\u00a0\u00bb _builder_version=\u00a0\u00bb3.26.6&Prime;][et_pb_row _builder_version=\u00a0\u00bb3.26.6&Prime;][et_pb_column type=\u00a0\u00bb4_4&Prime; _builder_version=\u00a0\u00bb3.26.6&Prime;][et_pb_text _builder_version=\u00a0\u00bb3.27.4&Prime; header_2_font=\u00a0\u00bbMontserrat|700|||||||\u00a0\u00bb header_2_font_size=\u00a0\u00bb70px\u00a0\u00bb header_2_line_height=\u00a0\u00bb1.2em\u00a0\u00bb max_width=\u00a0\u00bb750px\u00a0\u00bb header_2_font_size_tablet=\u00a0\u00bb48px\u00a0\u00bb header_2_font_size_phone=\u00a0\u00bb36px\u00a0\u00bb header_2_font_size_last_edited=\u00a0\u00bbon|desktop\u00a0\u00bb locked=\u00a0\u00bboff\u00a0\u00bb]<\/p>\n<h2>Articles connexes<\/h2>\n<p>[\/et_pb_text][et_pb_text _builder_version=\u00a0\u00bb4.6.6&Prime; text_font=\u00a0\u00bbCardo|700|||||||\u00a0\u00bb text_text_color=\u00a0\u00bbrgba(0,0,0,0.06)\u00a0\u00bb text_font_size=\u00a0\u00bb120px\u00a0\u00bb text_line_height=\u00a0\u00bb1.2em\u00a0\u00bb header_font=\u00a0\u00bbMontserrat||||||||\u00a0\u00bb custom_margin=\u00a0\u00bb-120px|||-120px|false|false\u00a0\u00bb custom_margin_tablet=\u00a0\u00bb-90px|||-60px|false|false\u00a0\u00bb custom_margin_phone=\u00a0\u00bb-70px|||-40px|false|false\u00a0\u00bb custom_margin_last_edited=\u00a0\u00bbon|desktop\u00a0\u00bb text_font_size_tablet=\u00a0\u00bb80px\u00a0\u00bb text_font_size_phone=\u00a0\u00bb60px\u00a0\u00bb text_font_size_last_edited=\u00a0\u00bbon|desktop\u00a0\u00bb locked=\u00a0\u00bboff\u00a0\u00bb]<\/p>\n<p>En rapport<\/p>\n<p>[\/et_pb_text][et_pb_blog fullwidth=\u00a0\u00bboff\u00a0\u00bb posts_number=\u00a0\u00bb3&Prime; include_categories=\u00a0\u00bball\u00a0\u00bb use_manual_excerpt=\u00a0\u00bboff\u00a0\u00bb show_author=\u00a0\u00bboff\u00a0\u00bb show_pagination=\u00a0\u00bboff\u00a0\u00bb _builder_version=\u00a0\u00bb4.6.6&Prime; header_font=\u00a0\u00bbMontserrat|700|||||||\u00a0\u00bb header_font_size=\u00a0\u00bb22px\u00a0\u00bb header_line_height=\u00a0\u00bb1.4em\u00a0\u00bb meta_font_size=\u00a0\u00bb12px\u00a0\u00bb meta_line_height=\u00a0\u00bb1.8em\u00a0\u00bb read_more_font=\u00a0\u00bb|600||on|||||\u00a0\u00bb read_more_text_color=\u00a0\u00bb#dba433&Prime; read_more_font_size=\u00a0\u00bb12px\u00a0\u00bb read_more_letter_spacing=\u00a0\u00bb4px\u00a0\u00bb read_more_line_height=\u00a0\u00bb1.8em\u00a0\u00bb text_orientation=\u00a0\u00bbcenter\u00a0\u00bb border_color_all=\u00a0\u00bb#e6e6e6&Prime;][\/et_pb_blog][\/et_pb_column][\/et_pb_row][\/et_pb_section]<\/p>\n","protected":false},"excerpt":{"rendered":"<p>Nous n&rsquo;avions jamais pr\u00e9vu de cr\u00e9er une ferme, mais nous y sommes ! \u00c9coutez ce que j&rsquo;ai \u00e0 dire \u00e0 Katelyn Duban, de The Rural Woman Podcast, sur la fa\u00e7on dont cela s&rsquo;est pass\u00e9 !<\/p>\n","protected":false},"author":2,"featured_media":1533,"comment_status":"open","ping_status":"open","sticky":false,"template":"","format":"standard","meta":{"_et_pb_use_builder":"on","_et_pb_old_content":"","_et_gb_content_width":"","_jetpack_memberships_contains_paid_content":false,"footnotes":""},"categories":[24],"tags":[],"class_list":["post-1776","post","type-post","status-publish","format-standard","has-post-thumbnail","hentry","category-la-vie-a-la-ferme"],"yoast_head":"<!-- This site is optimized with the Yoast SEO plugin v24.4 - https:\/\/yoast.com\/wordpress\/plugins\/seo\/ -->\n<title>Raconter l&#039;histoire de la cr\u00e9ation de la ferme - Fermes Leystone<\/title>\n<meta name=\"description\" content=\"Nous n&#039;avions jamais pr\u00e9vu de cr\u00e9er une ferme, mais nous y sommes ! \u00c9coutez ce que j&#039;ai \u00e0 dire \u00e0 Katelyn Duban, de The Rural Woman Podcast, sur la fa\u00e7on dont cela s&#039;est pass\u00e9 !\" \/>\n<meta name=\"robots\" content=\"index, follow, max-snippet:-1, max-image-preview:large, max-video-preview:-1\" \/>\n<link rel=\"canonical\" href=\"https:\/\/fermesleystone.com\/fr\/raconter-lhistoire-de-la-creation-de-la-ferme\/\" \/>\n<meta property=\"og:locale\" content=\"fr_FR\" \/>\n<meta property=\"og:type\" content=\"article\" \/>\n<meta property=\"og:title\" content=\"Raconter l&#039;histoire de la cr\u00e9ation de la ferme\" \/>\n<meta property=\"og:description\" content=\"Nous n&#039;avions jamais pr\u00e9vu de cr\u00e9er une ferme, mais nous y sommes ! \u00c9coutez ce que j&#039;ai \u00e0 dire \u00e0 Katelyn Duban, de The Rural Woman Podcast, sur la fa\u00e7on dont cela s&#039;est pass\u00e9 !\" \/>\n<meta property=\"og:url\" content=\"https:\/\/fermesleystone.com\/fr\/raconter-lhistoire-de-la-creation-de-la-ferme\/\" \/>\n<meta property=\"og:site_name\" content=\"Fermes Leystone\" \/>\n<meta property=\"article:publisher\" content=\"https:\/\/www.facebook.com\/LeystoneFarms\" \/>\n<meta property=\"article:published_time\" content=\"2021-12-03T20:38:29+00:00\" \/>\n<meta property=\"article:modified_time\" content=\"2024-07-17T11:43:35+00:00\" \/>\n<meta property=\"og:image\" content=\"https:\/\/i0.wp.com\/fermesleystone.com\/wp-content\/uploads\/2023\/09\/Rural-Women-Podacst-Featured.png?fit=400%2C401&ssl=1\" \/>\n\t<meta property=\"og:image:width\" content=\"400\" \/>\n\t<meta property=\"og:image:height\" content=\"401\" \/>\n\t<meta property=\"og:image:type\" content=\"image\/png\" \/>\n<meta name=\"author\" content=\"Trefor Munn-Venn\" \/>\n<meta name=\"twitter:card\" content=\"summary_large_image\" \/>\n<meta name=\"twitter:label1\" content=\"\u00c9crit par\" \/>\n\t<meta name=\"twitter:data1\" content=\"Trefor Munn-Venn\" \/>\n\t<meta name=\"twitter:label2\" content=\"Dur\u00e9e de lecture estim\u00e9e\" \/>\n\t<meta name=\"twitter:data2\" content=\"3 minutes\" \/>\n<script type=\"application\/ld+json\" class=\"yoast-schema-graph\">{\"@context\":\"https:\/\/schema.org\",\"@graph\":[{\"@type\":\"Article\",\"@id\":\"https:\/\/fermesleystone.com\/fr\/raconter-lhistoire-de-la-creation-de-la-ferme\/#article\",\"isPartOf\":{\"@id\":\"https:\/\/fermesleystone.com\/fr\/raconter-lhistoire-de-la-creation-de-la-ferme\/\"},\"author\":{\"name\":\"Trefor Munn-Venn\",\"@id\":\"https:\/\/fermesleystone.com\/fr\/#\/schema\/person\/5ad2030565fab309f43adc08048f3825\"},\"headline\":\"Raconter l&rsquo;histoire de la cr\u00e9ation de la ferme\",\"datePublished\":\"2021-12-03T20:38:29+00:00\",\"dateModified\":\"2024-07-17T11:43:35+00:00\",\"mainEntityOfPage\":{\"@id\":\"https:\/\/fermesleystone.com\/fr\/raconter-lhistoire-de-la-creation-de-la-ferme\/\"},\"wordCount\":637,\"commentCount\":0,\"publisher\":{\"@id\":\"https:\/\/fermesleystone.com\/fr\/#organization\"},\"image\":{\"@id\":\"https:\/\/fermesleystone.com\/fr\/raconter-lhistoire-de-la-creation-de-la-ferme\/#primaryimage\"},\"thumbnailUrl\":\"https:\/\/i0.wp.com\/fermesleystone.com\/wp-content\/uploads\/2023\/09\/Rural-Women-Podacst-Featured.png?fit=400%2C401&ssl=1\",\"articleSection\":[\"La vie \u00e0 la ferme\"],\"inLanguage\":\"fr-FR\",\"potentialAction\":[{\"@type\":\"CommentAction\",\"name\":\"Comment\",\"target\":[\"https:\/\/fermesleystone.com\/fr\/raconter-lhistoire-de-la-creation-de-la-ferme\/#respond\"]}]},{\"@type\":\"WebPage\",\"@id\":\"https:\/\/fermesleystone.com\/fr\/raconter-lhistoire-de-la-creation-de-la-ferme\/\",\"url\":\"https:\/\/fermesleystone.com\/fr\/raconter-lhistoire-de-la-creation-de-la-ferme\/\",\"name\":\"Raconter l'histoire de la cr\u00e9ation de la ferme - Fermes Leystone\",\"isPartOf\":{\"@id\":\"https:\/\/fermesleystone.com\/fr\/#website\"},\"primaryImageOfPage\":{\"@id\":\"https:\/\/fermesleystone.com\/fr\/raconter-lhistoire-de-la-creation-de-la-ferme\/#primaryimage\"},\"image\":{\"@id\":\"https:\/\/fermesleystone.com\/fr\/raconter-lhistoire-de-la-creation-de-la-ferme\/#primaryimage\"},\"thumbnailUrl\":\"https:\/\/i0.wp.com\/fermesleystone.com\/wp-content\/uploads\/2023\/09\/Rural-Women-Podacst-Featured.png?fit=400%2C401&ssl=1\",\"datePublished\":\"2021-12-03T20:38:29+00:00\",\"dateModified\":\"2024-07-17T11:43:35+00:00\",\"description\":\"Nous n'avions jamais pr\u00e9vu de cr\u00e9er une ferme, mais nous y sommes ! \u00c9coutez ce que j'ai \u00e0 dire \u00e0 Katelyn Duban, de The Rural Woman Podcast, sur la fa\u00e7on dont cela s'est pass\u00e9 !\",\"breadcrumb\":{\"@id\":\"https:\/\/fermesleystone.com\/fr\/raconter-lhistoire-de-la-creation-de-la-ferme\/#breadcrumb\"},\"inLanguage\":\"fr-FR\",\"potentialAction\":[{\"@type\":\"ReadAction\",\"target\":[\"https:\/\/fermesleystone.com\/fr\/raconter-lhistoire-de-la-creation-de-la-ferme\/\"]}]},{\"@type\":\"ImageObject\",\"inLanguage\":\"fr-FR\",\"@id\":\"https:\/\/fermesleystone.com\/fr\/raconter-lhistoire-de-la-creation-de-la-ferme\/#primaryimage\",\"url\":\"https:\/\/i0.wp.com\/fermesleystone.com\/wp-content\/uploads\/2023\/09\/Rural-Women-Podacst-Featured.png?fit=400%2C401&ssl=1\",\"contentUrl\":\"https:\/\/i0.wp.com\/fermesleystone.com\/wp-content\/uploads\/2023\/09\/Rural-Women-Podacst-Featured.png?fit=400%2C401&ssl=1\",\"width\":400,\"height\":401},{\"@type\":\"BreadcrumbList\",\"@id\":\"https:\/\/fermesleystone.com\/fr\/raconter-lhistoire-de-la-creation-de-la-ferme\/#breadcrumb\",\"itemListElement\":[{\"@type\":\"ListItem\",\"position\":1,\"name\":\"Home\",\"item\":\"https:\/\/fermesleystone.com\/fr\/\"},{\"@type\":\"ListItem\",\"position\":2,\"name\":\"Raconter l&rsquo;histoire de la cr\u00e9ation de la ferme\"}]},{\"@type\":\"WebSite\",\"@id\":\"https:\/\/fermesleystone.com\/fr\/#website\",\"url\":\"https:\/\/fermesleystone.com\/fr\/\",\"name\":\"Fermes Leystone\",\"description\":\"Regenerative farm and vineyard in the Pontiac, Quebec\",\"publisher\":{\"@id\":\"https:\/\/fermesleystone.com\/fr\/#organization\"},\"potentialAction\":[{\"@type\":\"SearchAction\",\"target\":{\"@type\":\"EntryPoint\",\"urlTemplate\":\"https:\/\/fermesleystone.com\/fr\/?s={search_term_string}\"},\"query-input\":{\"@type\":\"PropertyValueSpecification\",\"valueRequired\":true,\"valueName\":\"search_term_string\"}}],\"inLanguage\":\"fr-FR\"},{\"@type\":\"Organization\",\"@id\":\"https:\/\/fermesleystone.com\/fr\/#organization\",\"name\":\"Fermes Leystone\",\"url\":\"https:\/\/fermesleystone.com\/fr\/\",\"logo\":{\"@type\":\"ImageObject\",\"inLanguage\":\"fr-FR\",\"@id\":\"https:\/\/fermesleystone.com\/fr\/#\/schema\/logo\/image\/\",\"url\":\"https:\/\/fermesleystone.com\/wp-content\/uploads\/2022\/10\/LEYSTONE_logo_final_2-tone_mortar_grey-e1665165989188.png\",\"contentUrl\":\"https:\/\/fermesleystone.com\/wp-content\/uploads\/2022\/10\/LEYSTONE_logo_final_2-tone_mortar_grey-e1665165989188.png\",\"width\":5600,\"height\":1960,\"caption\":\"Fermes Leystone\"},\"image\":{\"@id\":\"https:\/\/fermesleystone.com\/fr\/#\/schema\/logo\/image\/\"},\"sameAs\":[\"https:\/\/www.facebook.com\/LeystoneFarms\",\"https:\/\/www.instagram.com\/leystonefarms\/\"]},{\"@type\":\"Person\",\"@id\":\"https:\/\/fermesleystone.com\/fr\/#\/schema\/person\/5ad2030565fab309f43adc08048f3825\",\"name\":\"Trefor Munn-Venn\",\"image\":{\"@type\":\"ImageObject\",\"inLanguage\":\"fr-FR\",\"@id\":\"https:\/\/fermesleystone.com\/fr\/#\/schema\/person\/image\/\",\"url\":\"https:\/\/secure.gravatar.com\/avatar\/51cb5fae7af8ddc30e3fc0056facf71c093eeba4b897f049896ccca476665200?s=96&d=mm&r=g\",\"contentUrl\":\"https:\/\/secure.gravatar.com\/avatar\/51cb5fae7af8ddc30e3fc0056facf71c093eeba4b897f049896ccca476665200?s=96&d=mm&r=g\",\"caption\":\"Trefor Munn-Venn\"},\"url\":\"https:\/\/fermesleystone.com\/fr\/author\/trefor\/\"}]}<\/script>\n<!-- \/ Yoast SEO plugin. -->","yoast_head_json":{"title":"Raconter l'histoire de la cr\u00e9ation de la ferme - Fermes Leystone","description":"Nous n'avions jamais pr\u00e9vu de cr\u00e9er une ferme, mais nous y sommes ! \u00c9coutez ce que j'ai \u00e0 dire \u00e0 Katelyn Duban, de The Rural Woman Podcast, sur la fa\u00e7on dont cela s'est pass\u00e9 !","robots":{"index":"index","follow":"follow","max-snippet":"max-snippet:-1","max-image-preview":"max-image-preview:large","max-video-preview":"max-video-preview:-1"},"canonical":"https:\/\/fermesleystone.com\/fr\/raconter-lhistoire-de-la-creation-de-la-ferme\/","og_locale":"fr_FR","og_type":"article","og_title":"Raconter l'histoire de la cr\u00e9ation de la ferme","og_description":"Nous n'avions jamais pr\u00e9vu de cr\u00e9er une ferme, mais nous y sommes ! \u00c9coutez ce que j'ai \u00e0 dire \u00e0 Katelyn Duban, de The Rural Woman Podcast, sur la fa\u00e7on dont cela s'est pass\u00e9 !","og_url":"https:\/\/fermesleystone.com\/fr\/raconter-lhistoire-de-la-creation-de-la-ferme\/","og_site_name":"Fermes Leystone","article_publisher":"https:\/\/www.facebook.com\/LeystoneFarms","article_published_time":"2021-12-03T20:38:29+00:00","article_modified_time":"2024-07-17T11:43:35+00:00","og_image":[{"width":400,"height":401,"url":"https:\/\/i0.wp.com\/fermesleystone.com\/wp-content\/uploads\/2023\/09\/Rural-Women-Podacst-Featured.png?fit=400%2C401&ssl=1","type":"image\/png"}],"author":"Trefor Munn-Venn","twitter_card":"summary_large_image","twitter_misc":{"\u00c9crit par":"Trefor Munn-Venn","Dur\u00e9e de lecture estim\u00e9e":"3 minutes"},"schema":{"@context":"https:\/\/schema.org","@graph":[{"@type":"Article","@id":"https:\/\/fermesleystone.com\/fr\/raconter-lhistoire-de-la-creation-de-la-ferme\/#article","isPartOf":{"@id":"https:\/\/fermesleystone.com\/fr\/raconter-lhistoire-de-la-creation-de-la-ferme\/"},"author":{"name":"Trefor Munn-Venn","@id":"https:\/\/fermesleystone.com\/fr\/#\/schema\/person\/5ad2030565fab309f43adc08048f3825"},"headline":"Raconter l&rsquo;histoire de la cr\u00e9ation de la ferme","datePublished":"2021-12-03T20:38:29+00:00","dateModified":"2024-07-17T11:43:35+00:00","mainEntityOfPage":{"@id":"https:\/\/fermesleystone.com\/fr\/raconter-lhistoire-de-la-creation-de-la-ferme\/"},"wordCount":637,"commentCount":0,"publisher":{"@id":"https:\/\/fermesleystone.com\/fr\/#organization"},"image":{"@id":"https:\/\/fermesleystone.com\/fr\/raconter-lhistoire-de-la-creation-de-la-ferme\/#primaryimage"},"thumbnailUrl":"https:\/\/i0.wp.com\/fermesleystone.com\/wp-content\/uploads\/2023\/09\/Rural-Women-Podacst-Featured.png?fit=400%2C401&ssl=1","articleSection":["La vie \u00e0 la ferme"],"inLanguage":"fr-FR","potentialAction":[{"@type":"CommentAction","name":"Comment","target":["https:\/\/fermesleystone.com\/fr\/raconter-lhistoire-de-la-creation-de-la-ferme\/#respond"]}]},{"@type":"WebPage","@id":"https:\/\/fermesleystone.com\/fr\/raconter-lhistoire-de-la-creation-de-la-ferme\/","url":"https:\/\/fermesleystone.com\/fr\/raconter-lhistoire-de-la-creation-de-la-ferme\/","name":"Raconter l'histoire de la cr\u00e9ation de la ferme - Fermes Leystone","isPartOf":{"@id":"https:\/\/fermesleystone.com\/fr\/#website"},"primaryImageOfPage":{"@id":"https:\/\/fermesleystone.com\/fr\/raconter-lhistoire-de-la-creation-de-la-ferme\/#primaryimage"},"image":{"@id":"https:\/\/fermesleystone.com\/fr\/raconter-lhistoire-de-la-creation-de-la-ferme\/#primaryimage"},"thumbnailUrl":"https:\/\/i0.wp.com\/fermesleystone.com\/wp-content\/uploads\/2023\/09\/Rural-Women-Podacst-Featured.png?fit=400%2C401&ssl=1","datePublished":"2021-12-03T20:38:29+00:00","dateModified":"2024-07-17T11:43:35+00:00","description":"Nous n'avions jamais pr\u00e9vu de cr\u00e9er une ferme, mais nous y sommes ! \u00c9coutez ce que j'ai \u00e0 dire \u00e0 Katelyn Duban, de The Rural Woman Podcast, sur la fa\u00e7on dont cela s'est pass\u00e9 !","breadcrumb":{"@id":"https:\/\/fermesleystone.com\/fr\/raconter-lhistoire-de-la-creation-de-la-ferme\/#breadcrumb"},"inLanguage":"fr-FR","potentialAction":[{"@type":"ReadAction","target":["https:\/\/fermesleystone.com\/fr\/raconter-lhistoire-de-la-creation-de-la-ferme\/"]}]},{"@type":"ImageObject","inLanguage":"fr-FR","@id":"https:\/\/fermesleystone.com\/fr\/raconter-lhistoire-de-la-creation-de-la-ferme\/#primaryimage","url":"https:\/\/i0.wp.com\/fermesleystone.com\/wp-content\/uploads\/2023\/09\/Rural-Women-Podacst-Featured.png?fit=400%2C401&ssl=1","contentUrl":"https:\/\/i0.wp.com\/fermesleystone.com\/wp-content\/uploads\/2023\/09\/Rural-Women-Podacst-Featured.png?fit=400%2C401&ssl=1","width":400,"height":401},{"@type":"BreadcrumbList","@id":"https:\/\/fermesleystone.com\/fr\/raconter-lhistoire-de-la-creation-de-la-ferme\/#breadcrumb","itemListElement":[{"@type":"ListItem","position":1,"name":"Home","item":"https:\/\/fermesleystone.com\/fr\/"},{"@type":"ListItem","position":2,"name":"Raconter l&rsquo;histoire de la cr\u00e9ation de la ferme"}]},{"@type":"WebSite","@id":"https:\/\/fermesleystone.com\/fr\/#website","url":"https:\/\/fermesleystone.com\/fr\/","name":"Fermes Leystone","description":"Regenerative farm and vineyard in the Pontiac, Quebec","publisher":{"@id":"https:\/\/fermesleystone.com\/fr\/#organization"},"potentialAction":[{"@type":"SearchAction","target":{"@type":"EntryPoint","urlTemplate":"https:\/\/fermesleystone.com\/fr\/?s={search_term_string}"},"query-input":{"@type":"PropertyValueSpecification","valueRequired":true,"valueName":"search_term_string"}}],"inLanguage":"fr-FR"},{"@type":"Organization","@id":"https:\/\/fermesleystone.com\/fr\/#organization","name":"Fermes Leystone","url":"https:\/\/fermesleystone.com\/fr\/","logo":{"@type":"ImageObject","inLanguage":"fr-FR","@id":"https:\/\/fermesleystone.com\/fr\/#\/schema\/logo\/image\/","url":"https:\/\/fermesleystone.com\/wp-content\/uploads\/2022\/10\/LEYSTONE_logo_final_2-tone_mortar_grey-e1665165989188.png","contentUrl":"https:\/\/fermesleystone.com\/wp-content\/uploads\/2022\/10\/LEYSTONE_logo_final_2-tone_mortar_grey-e1665165989188.png","width":5600,"height":1960,"caption":"Fermes Leystone"},"image":{"@id":"https:\/\/fermesleystone.com\/fr\/#\/schema\/logo\/image\/"},"sameAs":["https:\/\/www.facebook.com\/LeystoneFarms","https:\/\/www.instagram.com\/leystonefarms\/"]},{"@type":"Person","@id":"https:\/\/fermesleystone.com\/fr\/#\/schema\/person\/5ad2030565fab309f43adc08048f3825","name":"Trefor Munn-Venn","image":{"@type":"ImageObject","inLanguage":"fr-FR","@id":"https:\/\/fermesleystone.com\/fr\/#\/schema\/person\/image\/","url":"https:\/\/secure.gravatar.com\/avatar\/51cb5fae7af8ddc30e3fc0056facf71c093eeba4b897f049896ccca476665200?s=96&d=mm&r=g","contentUrl":"https:\/\/secure.gravatar.com\/avatar\/51cb5fae7af8ddc30e3fc0056facf71c093eeba4b897f049896ccca476665200?s=96&d=mm&r=g","caption":"Trefor Munn-Venn"},"url":"https:\/\/fermesleystone.com\/fr\/author\/trefor\/"}]}},"jetpack_featured_media_url":"https:\/\/i0.wp.com\/fermesleystone.com\/wp-content\/uploads\/2023\/09\/Rural-Women-Podacst-Featured.png?fit=400%2C401&ssl=1","jetpack_sharing_enabled":true,"_links":{"self":[{"href":"https:\/\/fermesleystone.com\/fr\/wp-json\/wp\/v2\/posts\/1776","targetHints":{"allow":["GET"]}}],"collection":[{"href":"https:\/\/fermesleystone.com\/fr\/wp-json\/wp\/v2\/posts"}],"about":[{"href":"https:\/\/fermesleystone.com\/fr\/wp-json\/wp\/v2\/types\/post"}],"author":[{"embeddable":true,"href":"https:\/\/fermesleystone.com\/fr\/wp-json\/wp\/v2\/users\/2"}],"replies":[{"embeddable":true,"href":"https:\/\/fermesleystone.com\/fr\/wp-json\/wp\/v2\/comments?post=1776"}],"version-history":[{"count":1,"href":"https:\/\/fermesleystone.com\/fr\/wp-json\/wp\/v2\/posts\/1776\/revisions"}],"predecessor-version":[{"id":1781,"href":"https:\/\/fermesleystone.com\/fr\/wp-json\/wp\/v2\/posts\/1776\/revisions\/1781"}],"wp:featuredmedia":[{"embeddable":true,"href":"https:\/\/fermesleystone.com\/fr\/wp-json\/wp\/v2\/media\/1533"}],"wp:attachment":[{"href":"https:\/\/fermesleystone.com\/fr\/wp-json\/wp\/v2\/media?parent=1776"}],"wp:term":[{"taxonomy":"category","embeddable":true,"href":"https:\/\/fermesleystone.com\/fr\/wp-json\/wp\/v2\/categories?post=1776"},{"taxonomy":"post_tag","embeddable":true,"href":"https:\/\/fermesleystone.com\/fr\/wp-json\/wp\/v2\/tags?post=1776"}],"curies":[{"name":"wp","href":"https:\/\/api.w.org\/{rel}","templated":true}]}}