{"id":1788,"date":"2023-09-05T13:03:44","date_gmt":"2023-09-05T13:03:44","guid":{"rendered":"https:\/\/fermesleystone.com\/de-la-ville-a-la-campagne\/"},"modified":"2024-07-17T11:43:36","modified_gmt":"2024-07-17T11:43:36","slug":"de-la-ville-a-la-campagne","status":"publish","type":"post","link":"https:\/\/fermesleystone.com\/fr\/de-la-ville-a-la-campagne\/","title":{"rendered":"De la ville \u00e0 la campagne"},"content":{"rendered":"<p>[et_pb_section fb_built=\u00a0\u00bb1&Prime; _builder_version=\u00a0\u00bb4.6.6&Prime; _module_preset=\u00a0\u00bbdefault\u00a0\u00bb][et_pb_row _builder_version=\u00a0\u00bb4.6.6&Prime; _module_preset=\u00a0\u00bbdefault\u00a0\u00bb column_structure=\u00a0\u00bb3_5,2_5&Prime;][et_pb_column _builder_version=\u00a0\u00bb4.6.6&Prime; _module_preset=\u00a0\u00bbdefault\u00a0\u00bb type=\u00a0\u00bb3_5&Prime;][et_pb_post_title meta=\u00a0\u00bboff\u00a0\u00bb featured_image=\u00a0\u00bboff\u00a0\u00bb _builder_version=\u00a0\u00bb4.6.6&Prime; title_font=\u00a0\u00bbMontserrat|700|||||||\u00a0\u00bb title_text_color=\u00a0\u00bb#000000&Prime; title_font_size=\u00a0\u00bb64px\u00a0\u00bb title_line_height=\u00a0\u00bb1.2em\u00a0\u00bb title_font_size_tablet=\u00a0\u00bb50px\u00a0\u00bb title_font_size_phone=\u00a0\u00bb24px\u00a0\u00bb title_font_size_last_edited=\u00a0\u00bbon|desktop\u00a0\u00bb locked=\u00a0\u00bboff\u00a0\u00bb][\/et_pb_post_title][et_pb_text _builder_version=\u00a0\u00bb4.6.6&Prime; text_line_height=\u00a0\u00bb1.8em\u00a0\u00bb max_width=\u00a0\u00bb600px\u00a0\u00bb module_alignment=\u00a0\u00bbcenter\u00a0\u00bb locked=\u00a0\u00bboff\u00a0\u00bb]<\/p>\n<p><span style=\"color: #999999;\"><em><strong>\u00ab\u00a0De la ville \u00e0 la campagne : \u00ab\u00a0It&rsquo;s like coming home &#8230;.\u00a0\u00bb <\/strong>a \u00e9t\u00e9 publi\u00e9 dans le Bulletin d&rsquo;Aylmer en septembre 2023 et r\u00e9dig\u00e9 par Grace Richards.<\/em><\/span><\/p>\n<p>Pour Karri et Trefor Munn-Venn, s&rsquo;installer dans le Pontiac, c&rsquo;est comme revenir \u00e0 la maison apr\u00e8s des ann\u00e9es d&rsquo;absence. Ils ont tous deux grandi dans des communaut\u00e9s rurales avant de s&rsquo;installer en ville au d\u00e9but de leur vie d&rsquo;adulte pour y travailler. Au fil des ann\u00e9es, ils ont senti qu&rsquo;il leur manquait quelque chose. \u00ab\u00a0Pour nous, d\u00e9m\u00e9nager ici, c&rsquo;\u00e9tait vraiment comme rentrer \u00e0 la maison. D\u00e8s que nous sommes arriv\u00e9s ici, nous avons su que c&rsquo;\u00e9tait l&rsquo;endroit o\u00f9 nous devions \u00eatre\u00a0\u00bb, a d\u00e9clar\u00e9 Karri.<\/p>\n<p>Le couple a d\u00e9cid\u00e9 que la ferme Leystone, situ\u00e9e sur la route 148 dans la municipalit\u00e9 de Pontiac, serait un nouveau d\u00e9part pour eux et leur famille. Lorsque nous avons commenc\u00e9, il y a eu beaucoup d&rsquo;essais et d&rsquo;erreurs, mais nous nous sommes sentis tr\u00e8s bien accueillis par la communaut\u00e9 et nous avons re\u00e7u une grande quantit\u00e9 de conseils utiles, ce qui nous a permis d&rsquo;arriver l\u00e0 o\u00f9 nous sommes aujourd&rsquo;hui\u00a0\u00bb, a d\u00e9clar\u00e9 Trefor.<\/p>\n<p>[\/et_pb_text][\/et_pb_column][et_pb_column _builder_version=\u00a0\u00bb4.6.6&Prime; _module_preset=\u00a0\u00bbdefault\u00a0\u00bb type=\u00a0\u00bb2_5&Prime;][et_pb_image src=\u00a0\u00bbhttps:\/\/fermesleystone.com\/wp-content\/uploads\/2023\/09\/City-to-Country-Sideline.png\u00a0\u00bb _builder_version=\u00a0\u00bb4.6.6&Prime; _module_preset=\u00a0\u00bbdefault\u00a0\u00bb alt=\u00a0\u00bbDe la ville \u00e0 la campagne, Fermes Leystone, Leystone Farms, Karri Munn-Venn, Trefor Munn-Venn, Pontiac Qu\u00e9bec, Luskville\u00a0\u00bb title_text=\u00a0\u00bbD&apos;une ville \u00e0 l&apos;autre &#8211; Sideline\u00a0\u00bb hover_enabled=\u00a0\u00bb0&Prime; sticky_enabled=\u00a0\u00bb0&Prime;][\/et_pb_image][\/et_pb_column][\/et_pb_row][\/et_pb_section][et_pb_section fb_built=\u00a0\u00bb1&Prime; admin_label=\u00a0\u00bbTestimonials\u00a0\u00bb _builder_version=\u00a0\u00bb4.6.6&Prime; background_color=\u00a0\u00bbrgba(0,0,0,0)\u00a0\u00bb use_background_color_gradient=\u00a0\u00bbon\u00a0\u00bb background_color_gradient_start=\u00a0\u00bbrgba(0,0,0,0)\u00a0\u00bb background_color_gradient_end=\u00a0\u00bbrgba(0,0,0,0)\u00a0\u00bb background_color_gradient_direction=\u00a0\u00bb90deg\u00a0\u00bb background_color_gradient_start_position=\u00a0\u00bb70%\u00a0\u00bb background_color_gradient_end_position=\u00a0\u00bb0%\u00a0\u00bb custom_padding=\u00a0\u00bb0px||3px|||\u00a0\u00bb background_last_edited=\u00a0\u00bbon|phone\u00a0\u00bb background_color_gradient_start_position_phone=\u00a0\u00bb95%\u00a0\u00bb locked=\u00a0\u00bboff\u00a0\u00bb custom_margin=\u00a0\u00bb-19px|||||\u00a0\u00bb][et_pb_row _builder_version=\u00a0\u00bb3.27.3&Prime; max_width=\u00a0\u00bb900px\u00a0\u00bb][et_pb_column type=\u00a0\u00bb4_4&Prime; _builder_version=\u00a0\u00bb3.26.6&Prime;][et_pb_image src=\u00a0\u00bbhttps:\/\/fermesleystone.com\/wp-content\/uploads\/2023\/09\/magazine-18.png\u00a0\u00bb _builder_version=\u00a0\u00bb3.26.6&Prime; custom_margin=\u00a0\u00bb||18px||false|false\u00a0\u00bb][\/et_pb_image][et_pb_text _builder_version=\u00a0\u00bb4.6.6&Prime; text_font=\u00a0\u00bbCardo||||||||\u00a0\u00bb text_text_color=\u00a0\u00bb#2a2a2a\u00a0\u00bb text_font_size=\u00a0\u00bb42px\u00a0\u00bb text_line_height=\u00a0\u00bb1.4em\u00a0\u00bb text_font_size_tablet=\u00a0\u00bb36px\u00a0\u00bb text_font_size_phone=\u00a0\u00bb24px\u00a0\u00bb text_font_size_last_edited=\u00a0\u00bbon|desktop\u00a0\u00bb]<\/p>\n<p>D\u00e9m\u00e9nager ici, c&rsquo;\u00e9tait vraiment comme rentrer \u00e0 la maison. D\u00e8s que nous sommes arriv\u00e9s ici, nous avons su que c&rsquo;\u00e9tait l&rsquo;endroit o\u00f9 nous devions \u00eatre.<\/p>\n<p>[\/et_pb_text][\/et_pb_column][\/et_pb_row][\/et_pb_section][et_pb_section fb_built=\u00a0\u00bb1&Prime; _builder_version=\u00a0\u00bb3.27.3&Prime;][et_pb_row _builder_version=\u00a0\u00bb3.27.3&Prime;][et_pb_column type=\u00a0\u00bb4_4&Prime; _builder_version=\u00a0\u00bb3.27.3&Prime;][et_pb_image src=\u00a0\u00bbhttps:\/\/fermesleystone.com\/wp-content\/uploads\/2022\/10\/Vineyard-Moody-01-e1694609717160.png\u00a0\u00bb alt=\u00a0\u00bbLeystone Vineyard, Leystone Farms, Karri Munn-Venn, Trefor Munn-Venn, Pontiac Qu\u00e9bec, Luskville\u00a0\u00bb title_text=\u00a0\u00bbVineyard Moody-01&Prime; _builder_version=\u00a0\u00bb4.6.6&Prime; _module_preset=\u00a0\u00bbdefault\u00a0\u00bb][\/et_pb_image][\/et_pb_column][\/et_pb_row][\/et_pb_section][et_pb_section fb_built=\u00a0\u00bb1&Prime; admin_label=\u00a0\u00bbImages\u00a0\u00bb _builder_version=\u00a0\u00bb3.26.6&Prime;][et_pb_row column_structure=\u00a0\u00bb1_2,1_2&Prime; _builder_version=\u00a0\u00bb3.26.6&Prime; custom_margin=\u00a0\u00bb|auto|10px|auto|false|false\u00a0\u00bb][et_pb_column type=\u00a0\u00bb1_2&Prime; _builder_version=\u00a0\u00bb3.26.6&Prime;][et_pb_text _builder_version=\u00a0\u00bb4.6.6&Prime; text_line_height=\u00a0\u00bb1.8em\u00a0\u00bb]<\/p>\n<p>\u00ab\u00a0Nous voulions vraiment d\u00e9finir nos pratiques agricoles d\u00e8s le d\u00e9but et nous revenions sans cesse \u00e0 un concept : l&rsquo;\u00e9ducation\u00a0\u00bb, ajoute Karri. \u00ab\u00a0Nous voulons que cela soit au c\u0153ur de tout ce que nous faisons ici, qu&rsquo;il s&rsquo;agisse de soigner les cultures, le b\u00e9tail ou la terre elle-m\u00eame. Il y a tant de choses que nous faisons qui peuvent ne pas sembler directement rentables, mais nous croyons que lorsque nous investissons notre temps, notre \u00e9nergie et notre amour dans notre ferme, cela nous sera rendu par les exp\u00e9riences que nous partagerons avec les autres et par la qualit\u00e9 de nos r\u00e9coltes.\u00a0\u00bb<\/p>\n<p>Trefor a r\u00e9sum\u00e9 les plus grands d\u00e9fis qui se sont pos\u00e9s lors de la transition de la vie urbaine \u00e0 l&rsquo;agriculture comme \u00ab\u00a0&#8230;. en apprenant la quantit\u00e9 d&rsquo;efforts qui sont n\u00e9cessaires pour chaque composante de la gestion d&rsquo;une ferme. C&rsquo;est un travail incroyablement difficile, qui n&rsquo;a pas de finalit\u00e9 claire. Je comprends l&rsquo;aspect commercial de la gestion d&rsquo;une ferme, mais le travail quotidien de la gestion d&rsquo;une ferme a \u00e9t\u00e9 une exp\u00e9rience d&rsquo;apprentissage pour nous, et nous continuons \u00e0 apprendre tous les jours.<\/p>\n<p>[\/et_pb_text][\/et_pb_column][et_pb_column type=\u00a0\u00bb1_2&Prime; _builder_version=\u00a0\u00bb3.26.6&Prime;][et_pb_text _builder_version=\u00a0\u00bb4.6.6&Prime; text_line_height=\u00a0\u00bb1.8em\u00a0\u00bb locked=\u00a0\u00bboff\u00a0\u00bb]<\/p>\n<h2>Fil fabriqu\u00e9 \u00e0 partir de la toison des moutons<\/h2>\n<p>&nbsp;<\/p>\n<p>Pour Karri, l&rsquo;un des principaux attraits de l&rsquo;agriculture est la possibilit\u00e9 de cr\u00e9er son propre fil \u00e0 partir de ses moutons. La ferme Leystone vend du fil fil\u00e9 \u00e0 partir de ses moutons Southdown Baby Doll et pr\u00e9voit de proposer des cours de tricot \u00e0 l&rsquo;automne. Karri a r\u00e9cemment particip\u00e9 au festival TWIST, un \u00e9v\u00e9nement destin\u00e9 aux amateurs de tricot et de laine, o\u00f9 elle a vendu sa laine ainsi que d&rsquo;autres produits, notamment des pulls.  <\/p>\n<p>Alors que Leystone transforme la majeure partie de sa laine en fil, d&rsquo;autres \u00e9levages de moutons de la r\u00e9gion se contentent d&rsquo;\u00e9liminer la toison, car la production de fil est co\u00fbteuse et prend beaucoup de temps. C&rsquo;est ainsi qu&rsquo;ils ont d\u00e9cid\u00e9 d&rsquo;investir dans une usine de granul\u00e9s de laine, prenant l&rsquo;une de leurs ressources naturelles les moins rentables, la laine, et la transformant en un outil de fertilisation inestimable qui profitera \u00e0 tous les \u00e9leveurs de moutons de la r\u00e9gion.  <\/p>\n<p>[\/et_pb_text][\/et_pb_column][\/et_pb_row][et_pb_row _builder_version=\u00a0\u00bb4.6.6&Prime; _module_preset=\u00a0\u00bbdefault\u00a0\u00bb][et_pb_column type=\u00a0\u00bb4_4&Prime; _builder_version=\u00a0\u00bb4.6.6&Prime; _module_preset=\u00a0\u00bbdefault\u00a0\u00bb][et_pb_image src=\u00a0\u00bbhttps:\/\/fermesleystone.com\/wp-content\/uploads\/2023\/08\/Southdown-banner.png\u00a0\u00bb alt=\u00a0\u00bbMouton Southdown Babydoll &#8211; boulettes de laine\u00a0\u00bb title_text=\u00a0\u00bbBanni\u00e8re Southdown\u00a0\u00bb _builder_version=\u00a0\u00bb4.6.6&Prime; _module_preset=\u00a0\u00bbdefault\u00a0\u00bb][\/et_pb_image][\/et_pb_column][\/et_pb_row][et_pb_row _builder_version=\u00a0\u00bb4.6.6&Prime; width=\u00a0\u00bb100%\u00a0\u00bb max_width=\u00a0\u00bb2560px\u00a0\u00bb custom_margin=\u00a0\u00bb50px||||false|false\u00a0\u00bb][et_pb_column type=\u00a0\u00bb4_4&Prime; _builder_version=\u00a0\u00bb3.26.6&Prime;][et_pb_text _builder_version=\u00a0\u00bb4.6.6&Prime; text_line_height=\u00a0\u00bb1.8em\u00a0\u00bb max_width=\u00a0\u00bb800px\u00a0\u00bb module_alignment=\u00a0\u00bbcenter\u00a0\u00bb custom_margin=\u00a0\u00bb||56px|||\u00a0\u00bb custom_padding=\u00a0\u00bb|||0px||\u00a0\u00bb]<\/p>\n<p><span style=\"font-size: 14px;\">La chose la plus impressionnante que le couple a apport\u00e9e \u00e0 Pontiac est peut-\u00eatre leurs id\u00e9es novatrices sur la fa\u00e7on de faire de leur ferme un centre communautaire. \u00ab\u00a0Je pense que l&rsquo;une de nos forces est que nous sommes tr\u00e8s cr\u00e9atifs dans la fa\u00e7on dont nous pouvons amener la communaut\u00e9 \u00e0 notre bras et fournir de nouvelles exp\u00e9riences pour que les gens appr\u00e9cient ce que le Pontiac a \u00e0 offrir\u00a0\u00bb, a d\u00e9clar\u00e9 Karri. Un exemple est le programme de location de vignobles, qui permet aux membres de la communaut\u00e9 de louer une rang\u00e9e de raisins.<\/span><\/p>\n<p>Outre la location de vignobles et de fils, la ferme vend des \u0153ufs frais avec une particularit\u00e9 : chaque \u0153uf est d&rsquo;une couleur et d&rsquo;une taille diff\u00e9rentes gr\u00e2ce \u00e0 la diversit\u00e9 des poules. Il existe plus de vingt races diff\u00e9rentes. Ils pr\u00e9voient \u00e9galement de transformer leurs raisins en vinaigres gastronomiques plut\u00f4t qu&rsquo;en vin, estimant que cela correspond davantage \u00e0 leur promesse de culture. \u00ab\u00a0Nous pensons que la production de vinaigres s&rsquo;inscrit parfaitement dans cette vision des repas de la ferme \u00e0 la table\u00a0\u00bb, a d\u00e9clar\u00e9 Karri.<\/p>\n<p>La ferme Leystone est fi\u00e8re d&rsquo;accueillir les visiteurs dans son domaine pittoresque, situ\u00e9 au 1965, route 148, o\u00f9 elle vend actuellement du miel, des \u0153ufs et du fil.  <\/p>\n<p>&nbsp;<\/p>\n<p>[\/et_pb_text][et_pb_divider _builder_version=\u00a0\u00bb4.6.6&Prime; _module_preset=\u00a0\u00bbdefault\u00a0\u00bb custom_margin=\u00a0\u00bb4px|||||\u00a0\u00bb][\/et_pb_divider][\/et_pb_column][\/et_pb_row][\/et_pb_section][et_pb_section fb_built=\u00a0\u00bb1&Prime; admin_label=\u00a0\u00bbRelated Articles\u00a0\u00bb _builder_version=\u00a0\u00bb3.26.6&Prime;][et_pb_row _builder_version=\u00a0\u00bb3.26.6&Prime;][et_pb_column type=\u00a0\u00bb4_4&Prime; _builder_version=\u00a0\u00bb3.26.6&Prime;][et_pb_text _builder_version=\u00a0\u00bb3.27.4&Prime; header_2_font=\u00a0\u00bbMontserrat|700|||||||\u00a0\u00bb header_2_font_size=\u00a0\u00bb70px\u00a0\u00bb header_2_line_height=\u00a0\u00bb1.2em\u00a0\u00bb max_width=\u00a0\u00bb750px\u00a0\u00bb header_2_font_size_tablet=\u00a0\u00bb48px\u00a0\u00bb header_2_font_size_phone=\u00a0\u00bb36px\u00a0\u00bb header_2_font_size_last_edited=\u00a0\u00bbon|desktop\u00a0\u00bb locked=\u00a0\u00bboff\u00a0\u00bb]<\/p>\n<h2>Articles connexes<\/h2>\n<p>[\/et_pb_text][et_pb_text _builder_version=\u00a0\u00bb4.6.6&Prime; text_font=\u00a0\u00bbCardo|700|||||||\u00a0\u00bb text_text_color=\u00a0\u00bbrgba(0,0,0,0.06)\u00a0\u00bb text_font_size=\u00a0\u00bb120px\u00a0\u00bb text_line_height=\u00a0\u00bb1.2em\u00a0\u00bb header_font=\u00a0\u00bbMontserrat||||||||\u00a0\u00bb custom_margin=\u00a0\u00bb-120px|||-120px|false|false\u00a0\u00bb custom_margin_tablet=\u00a0\u00bb-90px|||-60px|false|false\u00a0\u00bb custom_margin_phone=\u00a0\u00bb-70px|||-40px|false|false\u00a0\u00bb custom_margin_last_edited=\u00a0\u00bbon|desktop\u00a0\u00bb text_font_size_tablet=\u00a0\u00bb80px\u00a0\u00bb text_font_size_phone=\u00a0\u00bb60px\u00a0\u00bb text_font_size_last_edited=\u00a0\u00bbon|desktop\u00a0\u00bb locked=\u00a0\u00bboff\u00a0\u00bb]<\/p>\n<p>En rapport<\/p>\n<p>[\/et_pb_text][et_pb_blog fullwidth=\u00a0\u00bboff\u00a0\u00bb posts_number=\u00a0\u00bb3&Prime; include_categories=\u00a0\u00bball\u00a0\u00bb use_manual_excerpt=\u00a0\u00bboff\u00a0\u00bb show_author=\u00a0\u00bboff\u00a0\u00bb show_pagination=\u00a0\u00bboff\u00a0\u00bb _builder_version=\u00a0\u00bb4.6.6&Prime; header_font=\u00a0\u00bbMontserrat|700|||||||\u00a0\u00bb header_font_size=\u00a0\u00bb22px\u00a0\u00bb header_line_height=\u00a0\u00bb1.4em\u00a0\u00bb meta_font_size=\u00a0\u00bb12px\u00a0\u00bb meta_line_height=\u00a0\u00bb1.8em\u00a0\u00bb read_more_font=\u00a0\u00bb|600||on|||||\u00a0\u00bb read_more_text_color=\u00a0\u00bb#dba433&Prime; read_more_font_size=\u00a0\u00bb12px\u00a0\u00bb read_more_letter_spacing=\u00a0\u00bb4px\u00a0\u00bb read_more_line_height=\u00a0\u00bb1.8em\u00a0\u00bb text_orientation=\u00a0\u00bbcenter\u00a0\u00bb border_color_all=\u00a0\u00bb#e6e6e6&Prime;][\/et_pb_blog][\/et_pb_column][\/et_pb_row][\/et_pb_section]<\/p>\n","protected":false},"excerpt":{"rendered":"<p>Le Bulletin d&rsquo;Aylmer a publi\u00e9 un article intitul\u00e9 \u00ab\u00a0City to Country\u00a0\u00bb sur Karri et Trefor Munn-Venn et la cr\u00e9ation de Leystone Farms dans le Pontiac.<\/p>\n","protected":false},"author":2,"featured_media":1532,"comment_status":"open","ping_status":"open","sticky":false,"template":"","format":"standard","meta":{"_et_pb_use_builder":"on","_et_pb_old_content":"","_et_gb_content_width":"","_jetpack_memberships_contains_paid_content":false,"footnotes":""},"categories":[26],"tags":[],"class_list":["post-1788","post","type-post","status-publish","format-standard","has-post-thumbnail","hentry","category-dans-lactualite"],"yoast_head":"<!-- This site is optimized with the Yoast SEO plugin v24.4 - https:\/\/yoast.com\/wordpress\/plugins\/seo\/ -->\n<title>De la ville \u00e0 la campagne - Fermes Leystone<\/title>\n<meta name=\"description\" content=\"Le Bulletin d&#039;Aylmer a publi\u00e9 un article intitul\u00e9 &quot;City to Country&quot; sur Karri et Trefor Munn-Venn et la cr\u00e9ation de Leystone Farms dans le Pontiac.\" \/>\n<meta name=\"robots\" content=\"index, follow, max-snippet:-1, max-image-preview:large, max-video-preview:-1\" \/>\n<link rel=\"canonical\" href=\"https:\/\/fermesleystone.com\/fr\/de-la-ville-a-la-campagne\/\" \/>\n<meta property=\"og:locale\" content=\"fr_FR\" \/>\n<meta property=\"og:type\" content=\"article\" \/>\n<meta property=\"og:title\" content=\"De la ville \u00e0 la campagne\" \/>\n<meta property=\"og:description\" content=\"Le Bulletin d&#039;Aylmer a publi\u00e9 un article intitul\u00e9 &quot;City to Country&quot; sur Karri et Trefor Munn-Venn et la cr\u00e9ation de Leystone Farms dans le Pontiac.\" \/>\n<meta property=\"og:url\" content=\"https:\/\/fermesleystone.com\/fr\/de-la-ville-a-la-campagne\/\" \/>\n<meta property=\"og:site_name\" content=\"Fermes Leystone\" \/>\n<meta property=\"article:publisher\" content=\"https:\/\/www.facebook.com\/LeystoneFarms\" \/>\n<meta property=\"article:published_time\" content=\"2023-09-05T13:03:44+00:00\" \/>\n<meta property=\"article:modified_time\" content=\"2024-07-17T11:43:36+00:00\" \/>\n<meta property=\"og:image\" content=\"https:\/\/fermesleystone.com\/wp-content\/uploads\/2023\/09\/City-to-Country-Feature-300x300.png\" \/>\n<meta name=\"author\" content=\"Trefor Munn-Venn\" \/>\n<meta name=\"twitter:card\" content=\"summary_large_image\" \/>\n<meta name=\"twitter:title\" content=\"De la ville \u00e0 la campagne\" \/>\n<meta name=\"twitter:description\" content=\"Le Bulletin d&#039;Aylmer a publi\u00e9 un article intitul\u00e9 &quot;City to Country&quot; sur Karri et Trefor Munn-Venn et la cr\u00e9ation de Leystone Farms dans le Pontiac.\" \/>\n<meta name=\"twitter:image\" content=\"https:\/\/fermesleystone.com\/wp-content\/uploads\/2023\/09\/City-to-Country-Feature.png\" \/>\n<meta name=\"twitter:label1\" content=\"\u00c9crit par\" \/>\n\t<meta name=\"twitter:data1\" content=\"Trefor Munn-Venn\" \/>\n\t<meta name=\"twitter:label2\" content=\"Dur\u00e9e de lecture estim\u00e9e\" \/>\n\t<meta name=\"twitter:data2\" content=\"8 minutes\" \/>\n<script type=\"application\/ld+json\" class=\"yoast-schema-graph\">{\"@context\":\"https:\/\/schema.org\",\"@graph\":[{\"@type\":\"Article\",\"@id\":\"https:\/\/fermesleystone.com\/fr\/de-la-ville-a-la-campagne\/#article\",\"isPartOf\":{\"@id\":\"https:\/\/fermesleystone.com\/fr\/de-la-ville-a-la-campagne\/\"},\"author\":{\"name\":\"Trefor Munn-Venn\",\"@id\":\"https:\/\/fermesleystone.com\/fr\/#\/schema\/person\/5ad2030565fab309f43adc08048f3825\"},\"headline\":\"De la ville \u00e0 la campagne\",\"datePublished\":\"2023-09-05T13:03:44+00:00\",\"dateModified\":\"2024-07-17T11:43:36+00:00\",\"mainEntityOfPage\":{\"@id\":\"https:\/\/fermesleystone.com\/fr\/de-la-ville-a-la-campagne\/\"},\"wordCount\":1622,\"commentCount\":0,\"publisher\":{\"@id\":\"https:\/\/fermesleystone.com\/fr\/#organization\"},\"image\":{\"@id\":\"https:\/\/fermesleystone.com\/fr\/de-la-ville-a-la-campagne\/#primaryimage\"},\"thumbnailUrl\":\"https:\/\/i0.wp.com\/fermesleystone.com\/wp-content\/uploads\/2023\/09\/City-to-Country-Feature.png?fit=400%2C400&ssl=1\",\"articleSection\":[\"Dans l'actualit\u00e9\"],\"inLanguage\":\"fr-FR\",\"potentialAction\":[{\"@type\":\"CommentAction\",\"name\":\"Comment\",\"target\":[\"https:\/\/fermesleystone.com\/fr\/de-la-ville-a-la-campagne\/#respond\"]}]},{\"@type\":\"WebPage\",\"@id\":\"https:\/\/fermesleystone.com\/fr\/de-la-ville-a-la-campagne\/\",\"url\":\"https:\/\/fermesleystone.com\/fr\/de-la-ville-a-la-campagne\/\",\"name\":\"De la ville \u00e0 la campagne - Fermes Leystone\",\"isPartOf\":{\"@id\":\"https:\/\/fermesleystone.com\/fr\/#website\"},\"primaryImageOfPage\":{\"@id\":\"https:\/\/fermesleystone.com\/fr\/de-la-ville-a-la-campagne\/#primaryimage\"},\"image\":{\"@id\":\"https:\/\/fermesleystone.com\/fr\/de-la-ville-a-la-campagne\/#primaryimage\"},\"thumbnailUrl\":\"https:\/\/i0.wp.com\/fermesleystone.com\/wp-content\/uploads\/2023\/09\/City-to-Country-Feature.png?fit=400%2C400&ssl=1\",\"datePublished\":\"2023-09-05T13:03:44+00:00\",\"dateModified\":\"2024-07-17T11:43:36+00:00\",\"description\":\"Le Bulletin d'Aylmer a publi\u00e9 un article intitul\u00e9 \\\"City to Country\\\" sur Karri et Trefor Munn-Venn et la cr\u00e9ation de Leystone Farms dans le Pontiac.\",\"breadcrumb\":{\"@id\":\"https:\/\/fermesleystone.com\/fr\/de-la-ville-a-la-campagne\/#breadcrumb\"},\"inLanguage\":\"fr-FR\",\"potentialAction\":[{\"@type\":\"ReadAction\",\"target\":[\"https:\/\/fermesleystone.com\/fr\/de-la-ville-a-la-campagne\/\"]}]},{\"@type\":\"ImageObject\",\"inLanguage\":\"fr-FR\",\"@id\":\"https:\/\/fermesleystone.com\/fr\/de-la-ville-a-la-campagne\/#primaryimage\",\"url\":\"https:\/\/i0.wp.com\/fermesleystone.com\/wp-content\/uploads\/2023\/09\/City-to-Country-Feature.png?fit=400%2C400&ssl=1\",\"contentUrl\":\"https:\/\/i0.wp.com\/fermesleystone.com\/wp-content\/uploads\/2023\/09\/City-to-Country-Feature.png?fit=400%2C400&ssl=1\",\"width\":400,\"height\":400},{\"@type\":\"BreadcrumbList\",\"@id\":\"https:\/\/fermesleystone.com\/fr\/de-la-ville-a-la-campagne\/#breadcrumb\",\"itemListElement\":[{\"@type\":\"ListItem\",\"position\":1,\"name\":\"Home\",\"item\":\"https:\/\/fermesleystone.com\/fr\/\"},{\"@type\":\"ListItem\",\"position\":2,\"name\":\"De la ville \u00e0 la campagne\"}]},{\"@type\":\"WebSite\",\"@id\":\"https:\/\/fermesleystone.com\/fr\/#website\",\"url\":\"https:\/\/fermesleystone.com\/fr\/\",\"name\":\"Fermes Leystone\",\"description\":\"Regenerative farm and vineyard in the Pontiac, Quebec\",\"publisher\":{\"@id\":\"https:\/\/fermesleystone.com\/fr\/#organization\"},\"potentialAction\":[{\"@type\":\"SearchAction\",\"target\":{\"@type\":\"EntryPoint\",\"urlTemplate\":\"https:\/\/fermesleystone.com\/fr\/?s={search_term_string}\"},\"query-input\":{\"@type\":\"PropertyValueSpecification\",\"valueRequired\":true,\"valueName\":\"search_term_string\"}}],\"inLanguage\":\"fr-FR\"},{\"@type\":\"Organization\",\"@id\":\"https:\/\/fermesleystone.com\/fr\/#organization\",\"name\":\"Fermes Leystone\",\"url\":\"https:\/\/fermesleystone.com\/fr\/\",\"logo\":{\"@type\":\"ImageObject\",\"inLanguage\":\"fr-FR\",\"@id\":\"https:\/\/fermesleystone.com\/fr\/#\/schema\/logo\/image\/\",\"url\":\"https:\/\/fermesleystone.com\/wp-content\/uploads\/2022\/10\/LEYSTONE_logo_final_2-tone_mortar_grey-e1665165989188.png\",\"contentUrl\":\"https:\/\/fermesleystone.com\/wp-content\/uploads\/2022\/10\/LEYSTONE_logo_final_2-tone_mortar_grey-e1665165989188.png\",\"width\":5600,\"height\":1960,\"caption\":\"Fermes Leystone\"},\"image\":{\"@id\":\"https:\/\/fermesleystone.com\/fr\/#\/schema\/logo\/image\/\"},\"sameAs\":[\"https:\/\/www.facebook.com\/LeystoneFarms\",\"https:\/\/www.instagram.com\/leystonefarms\/\"]},{\"@type\":\"Person\",\"@id\":\"https:\/\/fermesleystone.com\/fr\/#\/schema\/person\/5ad2030565fab309f43adc08048f3825\",\"name\":\"Trefor Munn-Venn\",\"image\":{\"@type\":\"ImageObject\",\"inLanguage\":\"fr-FR\",\"@id\":\"https:\/\/fermesleystone.com\/fr\/#\/schema\/person\/image\/\",\"url\":\"https:\/\/secure.gravatar.com\/avatar\/51cb5fae7af8ddc30e3fc0056facf71c093eeba4b897f049896ccca476665200?s=96&d=mm&r=g\",\"contentUrl\":\"https:\/\/secure.gravatar.com\/avatar\/51cb5fae7af8ddc30e3fc0056facf71c093eeba4b897f049896ccca476665200?s=96&d=mm&r=g\",\"caption\":\"Trefor Munn-Venn\"},\"url\":\"https:\/\/fermesleystone.com\/fr\/author\/trefor\/\"}]}<\/script>\n<!-- \/ Yoast SEO plugin. -->","yoast_head_json":{"title":"De la ville \u00e0 la campagne - Fermes Leystone","description":"Le Bulletin d'Aylmer a publi\u00e9 un article intitul\u00e9 \"City to Country\" sur Karri et Trefor Munn-Venn et la cr\u00e9ation de Leystone Farms dans le Pontiac.","robots":{"index":"index","follow":"follow","max-snippet":"max-snippet:-1","max-image-preview":"max-image-preview:large","max-video-preview":"max-video-preview:-1"},"canonical":"https:\/\/fermesleystone.com\/fr\/de-la-ville-a-la-campagne\/","og_locale":"fr_FR","og_type":"article","og_title":"De la ville \u00e0 la campagne","og_description":"Le Bulletin d'Aylmer a publi\u00e9 un article intitul\u00e9 \"City to Country\" sur Karri et Trefor Munn-Venn et la cr\u00e9ation de Leystone Farms dans le Pontiac.","og_url":"https:\/\/fermesleystone.com\/fr\/de-la-ville-a-la-campagne\/","og_site_name":"Fermes Leystone","article_publisher":"https:\/\/www.facebook.com\/LeystoneFarms","article_published_time":"2023-09-05T13:03:44+00:00","article_modified_time":"2024-07-17T11:43:36+00:00","og_image":[{"url":"https:\/\/fermesleystone.com\/wp-content\/uploads\/2023\/09\/City-to-Country-Feature-300x300.png","type":"","width":"","height":""}],"author":"Trefor Munn-Venn","twitter_card":"summary_large_image","twitter_title":"De la ville \u00e0 la campagne","twitter_description":"Le Bulletin d'Aylmer a publi\u00e9 un article intitul\u00e9 \"City to Country\" sur Karri et Trefor Munn-Venn et la cr\u00e9ation de Leystone Farms dans le Pontiac.","twitter_image":"https:\/\/fermesleystone.com\/wp-content\/uploads\/2023\/09\/City-to-Country-Feature.png","twitter_misc":{"\u00c9crit par":"Trefor Munn-Venn","Dur\u00e9e de lecture estim\u00e9e":"8 minutes"},"schema":{"@context":"https:\/\/schema.org","@graph":[{"@type":"Article","@id":"https:\/\/fermesleystone.com\/fr\/de-la-ville-a-la-campagne\/#article","isPartOf":{"@id":"https:\/\/fermesleystone.com\/fr\/de-la-ville-a-la-campagne\/"},"author":{"name":"Trefor Munn-Venn","@id":"https:\/\/fermesleystone.com\/fr\/#\/schema\/person\/5ad2030565fab309f43adc08048f3825"},"headline":"De la ville \u00e0 la campagne","datePublished":"2023-09-05T13:03:44+00:00","dateModified":"2024-07-17T11:43:36+00:00","mainEntityOfPage":{"@id":"https:\/\/fermesleystone.com\/fr\/de-la-ville-a-la-campagne\/"},"wordCount":1622,"commentCount":0,"publisher":{"@id":"https:\/\/fermesleystone.com\/fr\/#organization"},"image":{"@id":"https:\/\/fermesleystone.com\/fr\/de-la-ville-a-la-campagne\/#primaryimage"},"thumbnailUrl":"https:\/\/i0.wp.com\/fermesleystone.com\/wp-content\/uploads\/2023\/09\/City-to-Country-Feature.png?fit=400%2C400&ssl=1","articleSection":["Dans l'actualit\u00e9"],"inLanguage":"fr-FR","potentialAction":[{"@type":"CommentAction","name":"Comment","target":["https:\/\/fermesleystone.com\/fr\/de-la-ville-a-la-campagne\/#respond"]}]},{"@type":"WebPage","@id":"https:\/\/fermesleystone.com\/fr\/de-la-ville-a-la-campagne\/","url":"https:\/\/fermesleystone.com\/fr\/de-la-ville-a-la-campagne\/","name":"De la ville \u00e0 la campagne - Fermes Leystone","isPartOf":{"@id":"https:\/\/fermesleystone.com\/fr\/#website"},"primaryImageOfPage":{"@id":"https:\/\/fermesleystone.com\/fr\/de-la-ville-a-la-campagne\/#primaryimage"},"image":{"@id":"https:\/\/fermesleystone.com\/fr\/de-la-ville-a-la-campagne\/#primaryimage"},"thumbnailUrl":"https:\/\/i0.wp.com\/fermesleystone.com\/wp-content\/uploads\/2023\/09\/City-to-Country-Feature.png?fit=400%2C400&ssl=1","datePublished":"2023-09-05T13:03:44+00:00","dateModified":"2024-07-17T11:43:36+00:00","description":"Le Bulletin d'Aylmer a publi\u00e9 un article intitul\u00e9 \"City to Country\" sur Karri et Trefor Munn-Venn et la cr\u00e9ation de Leystone Farms dans le Pontiac.","breadcrumb":{"@id":"https:\/\/fermesleystone.com\/fr\/de-la-ville-a-la-campagne\/#breadcrumb"},"inLanguage":"fr-FR","potentialAction":[{"@type":"ReadAction","target":["https:\/\/fermesleystone.com\/fr\/de-la-ville-a-la-campagne\/"]}]},{"@type":"ImageObject","inLanguage":"fr-FR","@id":"https:\/\/fermesleystone.com\/fr\/de-la-ville-a-la-campagne\/#primaryimage","url":"https:\/\/i0.wp.com\/fermesleystone.com\/wp-content\/uploads\/2023\/09\/City-to-Country-Feature.png?fit=400%2C400&ssl=1","contentUrl":"https:\/\/i0.wp.com\/fermesleystone.com\/wp-content\/uploads\/2023\/09\/City-to-Country-Feature.png?fit=400%2C400&ssl=1","width":400,"height":400},{"@type":"BreadcrumbList","@id":"https:\/\/fermesleystone.com\/fr\/de-la-ville-a-la-campagne\/#breadcrumb","itemListElement":[{"@type":"ListItem","position":1,"name":"Home","item":"https:\/\/fermesleystone.com\/fr\/"},{"@type":"ListItem","position":2,"name":"De la ville \u00e0 la campagne"}]},{"@type":"WebSite","@id":"https:\/\/fermesleystone.com\/fr\/#website","url":"https:\/\/fermesleystone.com\/fr\/","name":"Fermes Leystone","description":"Regenerative farm and vineyard in the Pontiac, Quebec","publisher":{"@id":"https:\/\/fermesleystone.com\/fr\/#organization"},"potentialAction":[{"@type":"SearchAction","target":{"@type":"EntryPoint","urlTemplate":"https:\/\/fermesleystone.com\/fr\/?s={search_term_string}"},"query-input":{"@type":"PropertyValueSpecification","valueRequired":true,"valueName":"search_term_string"}}],"inLanguage":"fr-FR"},{"@type":"Organization","@id":"https:\/\/fermesleystone.com\/fr\/#organization","name":"Fermes Leystone","url":"https:\/\/fermesleystone.com\/fr\/","logo":{"@type":"ImageObject","inLanguage":"fr-FR","@id":"https:\/\/fermesleystone.com\/fr\/#\/schema\/logo\/image\/","url":"https:\/\/fermesleystone.com\/wp-content\/uploads\/2022\/10\/LEYSTONE_logo_final_2-tone_mortar_grey-e1665165989188.png","contentUrl":"https:\/\/fermesleystone.com\/wp-content\/uploads\/2022\/10\/LEYSTONE_logo_final_2-tone_mortar_grey-e1665165989188.png","width":5600,"height":1960,"caption":"Fermes Leystone"},"image":{"@id":"https:\/\/fermesleystone.com\/fr\/#\/schema\/logo\/image\/"},"sameAs":["https:\/\/www.facebook.com\/LeystoneFarms","https:\/\/www.instagram.com\/leystonefarms\/"]},{"@type":"Person","@id":"https:\/\/fermesleystone.com\/fr\/#\/schema\/person\/5ad2030565fab309f43adc08048f3825","name":"Trefor Munn-Venn","image":{"@type":"ImageObject","inLanguage":"fr-FR","@id":"https:\/\/fermesleystone.com\/fr\/#\/schema\/person\/image\/","url":"https:\/\/secure.gravatar.com\/avatar\/51cb5fae7af8ddc30e3fc0056facf71c093eeba4b897f049896ccca476665200?s=96&d=mm&r=g","contentUrl":"https:\/\/secure.gravatar.com\/avatar\/51cb5fae7af8ddc30e3fc0056facf71c093eeba4b897f049896ccca476665200?s=96&d=mm&r=g","caption":"Trefor Munn-Venn"},"url":"https:\/\/fermesleystone.com\/fr\/author\/trefor\/"}]}},"jetpack_featured_media_url":"https:\/\/i0.wp.com\/fermesleystone.com\/wp-content\/uploads\/2023\/09\/City-to-Country-Feature.png?fit=400%2C400&ssl=1","jetpack_sharing_enabled":true,"_links":{"self":[{"href":"https:\/\/fermesleystone.com\/fr\/wp-json\/wp\/v2\/posts\/1788","targetHints":{"allow":["GET"]}}],"collection":[{"href":"https:\/\/fermesleystone.com\/fr\/wp-json\/wp\/v2\/posts"}],"about":[{"href":"https:\/\/fermesleystone.com\/fr\/wp-json\/wp\/v2\/types\/post"}],"author":[{"embeddable":true,"href":"https:\/\/fermesleystone.com\/fr\/wp-json\/wp\/v2\/users\/2"}],"replies":[{"embeddable":true,"href":"https:\/\/fermesleystone.com\/fr\/wp-json\/wp\/v2\/comments?post=1788"}],"version-history":[{"count":1,"href":"https:\/\/fermesleystone.com\/fr\/wp-json\/wp\/v2\/posts\/1788\/revisions"}],"predecessor-version":[{"id":1792,"href":"https:\/\/fermesleystone.com\/fr\/wp-json\/wp\/v2\/posts\/1788\/revisions\/1792"}],"wp:featuredmedia":[{"embeddable":true,"href":"https:\/\/fermesleystone.com\/fr\/wp-json\/wp\/v2\/media\/1532"}],"wp:attachment":[{"href":"https:\/\/fermesleystone.com\/fr\/wp-json\/wp\/v2\/media?parent=1788"}],"wp:term":[{"taxonomy":"category","embeddable":true,"href":"https:\/\/fermesleystone.com\/fr\/wp-json\/wp\/v2\/categories?post=1788"},{"taxonomy":"post_tag","embeddable":true,"href":"https:\/\/fermesleystone.com\/fr\/wp-json\/wp\/v2\/tags?post=1788"}],"curies":[{"name":"wp","href":"https:\/\/api.w.org\/{rel}","templated":true}]}}